{"id":305,"date":"2012-02-29T21:40:56","date_gmt":"2012-02-29T19:40:56","guid":{"rendered":"https:\/\/www.amexio.de\/blog\/?p=305"},"modified":"2012-03-14T15:45:19","modified_gmt":"2012-03-14T13:45:19","slug":"ein-hackerangriff-auf-strato-legt-deutschlandweit-webseiten-lahm","status":"publish","type":"post","link":"https:\/\/www.amexio.de\/blog\/ein-hackerangriff-auf-strato-legt-deutschlandweit-webseiten-lahm\/","title":{"rendered":"Ein Hackerangriff auf Strato legt deutschlandweit Webseiten lahm"},"content":{"rendered":"<p><strong>Durch einen gezielten Hackerangriff auf den Internetprovider Strato wurden am Montag deutschlandweit Millionen Webseiten lahmgelegt. Bei Strato werden \u00fcber vier Millionen Webseiten verwaltet und ist damit zweitgr\u00f6\u00dfter Anbieter in Europa. Auch amexio.de war zeitweise von dem Angriff auf Strato betroffen.<\/strong><\/p>\n<p>In einer ersten Stellungnahme der Telekom-Tochter meldete Strato, dass es in der Zeit zwischen ca. 19.15 Uhr und 21 Uhr einen massiven DDoS-Angriff gegeben habe. Betroffen waren neben der <a rel=\"nofollow sponsored noopener\" href=\"https:\/\/www.amexio.de\/url\/strato\" target=\"_blank\">Strato Homepage<\/a> auch Millionen Kundenwebseiten und der Email-Verkehr. Gleichzeitig wurde bekannt gegeben, dass die ersten Gegenma\u00dfnahmen gegriffen haben. \u00dcber den Grund des Angriffs und der T\u00e4ter gibt es aktuell noch keine Erkenntnisse. Leider informierte Strato die betroffenen Kunden nicht pers\u00f6nlich. Wir haben unserer Informationen aus dem Blog <a href=\"http:\/\/www.verbraucher-papst.de\/aktuell\/hackerangriff-auf-strato-millionen-internetseiten-in-deutschland-lahmgelegt\/ \" target=\"_blank\">verbraucher-pabst.de<\/a> bezogen.<\/p>\n<p>Leider war auch unserer Homepage in dieser Zeit nur eingeschr\u00e4nkt erreichbar. Das Team von amexio.de m\u00f6chte sich daher f\u00fcr alle entstandenen Unannehmlichkeiten bei Ihnen entschuldigen. <\/p>\n<p><strong>UPDATE:<\/strong> Wie im <a href=\"http:\/\/www.techfieber.de\/2012\/02\/27\/cybercrime-strato-gehackt-millionen-webseiten-nach-hacker-attacke-offline\/\" target=\"_blank\">Blog Techfieber<\/a> berichtet wird, betraf der Ausfall nach Angaben einer Strato-Sprecherin nur einige tausend Webseiten. N\u00e4here Einzelheiten sind weiterhin nicht bekannt. <\/p>\n<p><aside class=\"affiliate-marker-disclosure\">* Um die Inhalte dauerhaft kostenlos zur Verf\u00fcgung stellen zu k\u00f6nnen, finanzieren wir uns ausschlie\u00dflich \u00fcber Werbeeinnahmen. Bei Links, die mit einem Stern (*) gekennzeichnet sind, handelt es sich um Provisions-Links. Verwenden Sie nun diesen Link und schlie\u00dfen dann z. B. einen Vertrag ab oder f\u00fchren einen Kauf durch, so erhalten wir eine Provision vom Anbieter. F\u00fcr Sie entstehen keine Nachteile beim Kauf, Vertrag oder Preis.<\/aside><\/p>","protected":false},"excerpt":{"rendered":"<p>Durch einen gezielten Hackerangriff auf den Internetprovider Strato wurden am Montag deutschlandweit Millionen Webseiten lahmgelegt. Bei Strato werden \u00fcber vier Millionen Webseiten verwaltet und ist damit zweitgr\u00f6\u00dfter Anbieter in Europa. Auch amexio.de war zeitweise von dem Angriff auf Strato betroffen. In einer ersten Stellungnahme der Telekom-Tochter meldete Strato, dass es in der Zeit zwischen ca. [&hellip;]<\/p>\n","protected":false},"author":1,"featured_media":1368,"comment_status":"open","ping_status":"open","sticky":false,"template":"","format":"standard","meta":{"footnotes":""},"categories":[1],"tags":[382,381,383,380,384],"class_list":{"0":"post-305","1":"post","2":"type-post","3":"status-publish","4":"format-standard","5":"has-post-thumbnail","7":"category-allgemeines","8":"tag-amexio-de","9":"tag-hackerangriff","10":"tag-millionen","11":"tag-strato","12":"tag-webseiten","13":"czr-hentry"},"aioseo_notices":[],"_links":{"self":[{"href":"https:\/\/www.amexio.de\/blog\/wp-json\/wp\/v2\/posts\/305","targetHints":{"allow":["GET"]}}],"collection":[{"href":"https:\/\/www.amexio.de\/blog\/wp-json\/wp\/v2\/posts"}],"about":[{"href":"https:\/\/www.amexio.de\/blog\/wp-json\/wp\/v2\/types\/post"}],"author":[{"embeddable":true,"href":"https:\/\/www.amexio.de\/blog\/wp-json\/wp\/v2\/users\/1"}],"replies":[{"embeddable":true,"href":"https:\/\/www.amexio.de\/blog\/wp-json\/wp\/v2\/comments?post=305"}],"version-history":[{"count":0,"href":"https:\/\/www.amexio.de\/blog\/wp-json\/wp\/v2\/posts\/305\/revisions"}],"wp:featuredmedia":[{"embeddable":true,"href":"https:\/\/www.amexio.de\/blog\/wp-json\/wp\/v2\/media\/1368"}],"wp:attachment":[{"href":"https:\/\/www.amexio.de\/blog\/wp-json\/wp\/v2\/media?parent=305"}],"wp:term":[{"taxonomy":"category","embeddable":true,"href":"https:\/\/www.amexio.de\/blog\/wp-json\/wp\/v2\/categories?post=305"},{"taxonomy":"post_tag","embeddable":true,"href":"https:\/\/www.amexio.de\/blog\/wp-json\/wp\/v2\/tags?post=305"}],"curies":[{"name":"wp","href":"https:\/\/api.w.org\/{rel}","templated":true}]}}